{"id":2818,"date":"2025-11-22T14:23:41","date_gmt":"2025-11-22T13:23:41","guid":{"rendered":"https:\/\/geowieczorek.pl\/?p=2818"},"modified":"2025-11-22T14:23:41","modified_gmt":"2025-11-22T13:23:41","slug":"studzienka-badylaka-informacyjnie-zdewastowana","status":"publish","type":"post","link":"https:\/\/geowieczorek.pl\/index.php\/2025\/11\/22\/studzienka-badylaka-informacyjnie-zdewastowana\/","title":{"rendered":"Studzienka Badylaka &#8211; informacyjnie zdewastowana"},"content":{"rendered":"<p><img loading=\"lazy\" decoding=\"async\" class=\"alignnone size-large wp-image-2819\" src=\"https:\/\/geowieczorek.pl\/wp-content\/uploads\/2025\/11\/4-4-478x1024.jpg\" alt=\"\" width=\"478\" height=\"1024\" srcset=\"https:\/\/geowieczorek.pl\/wp-content\/uploads\/2025\/11\/4-4-478x1024.jpg 478w, https:\/\/geowieczorek.pl\/wp-content\/uploads\/2025\/11\/4-4-140x300.jpg 140w, https:\/\/geowieczorek.pl\/wp-content\/uploads\/2025\/11\/4-4-768x1645.jpg 768w, https:\/\/geowieczorek.pl\/wp-content\/uploads\/2025\/11\/4-4-717x1536.jpg 717w, https:\/\/geowieczorek.pl\/wp-content\/uploads\/2025\/11\/4-4-956x2048.jpg 956w, https:\/\/geowieczorek.pl\/wp-content\/uploads\/2025\/11\/4-4-scaled.jpg 1196w\" sizes=\"auto, (max-width: 478px) 100vw, 478px\" \/><\/p>\n<p>Na Studzience Badylaka\u00a0 na Rynku G\u0142\u00f3wnym w Krakowie znikn\u0119\u0142y tabliczki &#8211; w j\u0119zyku polskim i angielskim- informuj\u0105ce o samospaleniu Walentego Badylaka\u00a0 21 marca 1980 r. w prote\u015bcie przeciwko przeciw zmowie milczenia wok\u00f3\u0142 zbrodni katy\u0144skiej, demoralizacji m\u0142odzie\u017cy i zniszczeniu rzemios\u0142a. <a href=\"https:\/\/pl.wikipedia.org\/wiki\/Studzienka_Badylaka\">https:\/\/pl.wikipedia.org\/wiki\/Studzienka_Badylaka\u00a0<\/a><\/p>\n<p><img loading=\"lazy\" decoding=\"async\" class=\"alignnone size-large wp-image-2820\" src=\"https:\/\/geowieczorek.pl\/wp-content\/uploads\/2025\/11\/2-4-1024x478.jpg\" alt=\"\" width=\"640\" height=\"299\" srcset=\"https:\/\/geowieczorek.pl\/wp-content\/uploads\/2025\/11\/2-4-1024x478.jpg 1024w, https:\/\/geowieczorek.pl\/wp-content\/uploads\/2025\/11\/2-4-300x140.jpg 300w, https:\/\/geowieczorek.pl\/wp-content\/uploads\/2025\/11\/2-4-768x359.jpg 768w, https:\/\/geowieczorek.pl\/wp-content\/uploads\/2025\/11\/2-4-1536x717.jpg 1536w, https:\/\/geowieczorek.pl\/wp-content\/uploads\/2025\/11\/2-4-2048x956.jpg 2048w\" sizes=\"auto, (max-width: 640px) 100vw, 640px\" \/><\/p>\n<p><img loading=\"lazy\" decoding=\"async\" class=\"alignnone size-large wp-image-2821\" src=\"https:\/\/geowieczorek.pl\/wp-content\/uploads\/2025\/11\/3-3-722x1024.jpg\" alt=\"\" width=\"640\" height=\"908\" srcset=\"https:\/\/geowieczorek.pl\/wp-content\/uploads\/2025\/11\/3-3-722x1024.jpg 722w, https:\/\/geowieczorek.pl\/wp-content\/uploads\/2025\/11\/3-3-212x300.jpg 212w, https:\/\/geowieczorek.pl\/wp-content\/uploads\/2025\/11\/3-3-768x1089.jpg 768w, https:\/\/geowieczorek.pl\/wp-content\/uploads\/2025\/11\/3-3-1083x1536.jpg 1083w, https:\/\/geowieczorek.pl\/wp-content\/uploads\/2025\/11\/3-3-1444x2048.jpg 1444w, https:\/\/geowieczorek.pl\/wp-content\/uploads\/2025\/11\/3-3-scaled.jpg 1806w\" sizes=\"auto, (max-width: 640px) 100vw, 640px\" \/><\/p>\n<p><img loading=\"lazy\" decoding=\"async\" class=\"alignnone size-large wp-image-2822\" src=\"https:\/\/geowieczorek.pl\/wp-content\/uploads\/2025\/11\/1-3-599x1024.jpg\" alt=\"\" width=\"599\" height=\"1024\" srcset=\"https:\/\/geowieczorek.pl\/wp-content\/uploads\/2025\/11\/1-3-599x1024.jpg 599w, https:\/\/geowieczorek.pl\/wp-content\/uploads\/2025\/11\/1-3-175x300.jpg 175w, https:\/\/geowieczorek.pl\/wp-content\/uploads\/2025\/11\/1-3-768x1313.jpg 768w, https:\/\/geowieczorek.pl\/wp-content\/uploads\/2025\/11\/1-3-899x1536.jpg 899w, https:\/\/geowieczorek.pl\/wp-content\/uploads\/2025\/11\/1-3-1198x2048.jpg 1198w, https:\/\/geowieczorek.pl\/wp-content\/uploads\/2025\/11\/1-3-scaled.jpg 1498w\" sizes=\"auto, (max-width: 599px) 100vw, 599px\" \/><\/p>\n<p>Tam w rocznic\u0119\u00a0 samospalenia rokrocznie spotykamy si\u0119 dla zachowania pami\u0119ci\u00a0 o tym desperackim prote\u015bcie.<\/p>\n<p>przyk\u0142ady:<\/p>\n<blockquote class=\"wp-embedded-content\" data-secret=\"qIsIbkhPy1\"><p><a href=\"https:\/\/jwfotowideo.wordpress.com\/2021\/03\/21\/rocznica-samospalenia-walentego-badylaka\/\">Rocznica samospalenia Walentego&nbsp;Badylaka<\/a><\/p><\/blockquote>\n<p><iframe loading=\"lazy\" class=\"wp-embedded-content\" sandbox=\"allow-scripts\" security=\"restricted\" style=\"position: absolute; visibility: hidden;\" title=\"&#8222;Rocznica samospalenia Walentego&nbsp;Badylaka&#8221; &#8212; J\u00f3zef Wieczorek  w Krakowie ( i nie tylko) w 2019-2021 r.\" src=\"https:\/\/jwfotowideo.wordpress.com\/2021\/03\/21\/rocznica-samospalenia-walentego-badylaka\/embed\/#?secret=cmotNdUr1L#?secret=qIsIbkhPy1\" data-secret=\"qIsIbkhPy1\" width=\"600\" height=\"338\" frameborder=\"0\" marginwidth=\"0\" marginheight=\"0\" scrolling=\"no\"><\/iframe><\/p>\n<p>&nbsp;<\/p>\n<p class=\"has-text-align-center\"><img decoding=\"async\" src=\"https:\/\/jwfotowideo.wordpress.com\/wp-content\/uploads\/2021\/03\/9-1.jpg\" \/><\/p>\n<p>&nbsp;<\/p>\n<p><img decoding=\"async\" src=\"https:\/\/jwfotowideo.wordpress.com\/wp-content\/uploads\/2021\/03\/7-1.jpg?w=768\" \/><\/p>\n<h5><a href=\"https:\/\/wkrakowie2012cd.wordpress.com\/2013\/03\/16\/namiot-pamieci-walentego-badylaka\/\"><strong>https:\/\/wkrakowie2012cd.wordpress.com\/2013\/03\/16\/namiot-pamieci-walentego-badylaka\/<\/strong><\/a><\/h5>\n<h5 style=\"text-align: center;\"><strong>Namiot Pami\u0119ci Walentego Badylaka<\/strong><\/h5>\n<h5 style=\"text-align: center;\"><strong>zorganizowany przez Solidarni 2010 \u2013 Krak\u00f3w<\/strong><\/h5>\n<h5 style=\"text-align: center;\"><strong>na Rynku\u00a0 w Krakowie, przy studzience Badylaka<\/strong><\/h5>\n<h5 style=\"text-align: center;\"><strong>16 marca 2013 r.<\/strong><\/h5>\n<h5 style=\"text-align: center;\"><em><strong>Akcja\u00a0 zwi\u0105zana z odmow\u0105 w\u0142adz miasta Krakowa<\/strong><\/em><\/h5>\n<h5 style=\"text-align: center;\"><em><strong>umieszczenia tablicy informacyjnej w j\u0119zyku angielskim<\/strong><\/em><\/h5>\n<h5 style=\"text-align: center;\"><strong><em>(zdj\u0119cia i wideo \u2013 J\u00f3zef Wieczorek)<\/em><\/strong><\/h5>\n<p>&nbsp;<\/p>\n<p>Czy w\u0142adze miasta w 2025 r. zdecydowa\u0142y si\u0119 na skasowanie &#8211; niewygodnej przez lata &#8211; pami\u0119ci o czasach komunistycznych ?<\/p>\n<p>Nie ma \u017cadnej informacji ( 22.11.2025) o tym co si\u0119 sta\u0142o tabliczkami.<\/p>\n<p>&nbsp;<\/p>\n","protected":false},"excerpt":{"rendered":"<p>Na Studzience Badylaka\u00a0 na Rynku G\u0142\u00f3wnym w Krakowie znikn\u0119\u0142y tabliczki &#8211; w j\u0119zyku polskim i angielskim- informuj\u0105ce o samospaleniu Walentego Badylaka\u00a0 21 marca 1980 r. [&hellip;]<\/p>\n","protected":false},"author":1,"featured_media":0,"comment_status":"open","ping_status":"open","sticky":false,"template":"","format":"standard","meta":{"footnotes":""},"categories":[23,53],"tags":[329],"class_list":["post-2818","post","type-post","status-publish","format-standard","hentry","category-krakow","category-pamiec","tag-studzienka-badylaka"],"_links":{"self":[{"href":"https:\/\/geowieczorek.pl\/index.php\/wp-json\/wp\/v2\/posts\/2818","targetHints":{"allow":["GET"]}}],"collection":[{"href":"https:\/\/geowieczorek.pl\/index.php\/wp-json\/wp\/v2\/posts"}],"about":[{"href":"https:\/\/geowieczorek.pl\/index.php\/wp-json\/wp\/v2\/types\/post"}],"author":[{"embeddable":true,"href":"https:\/\/geowieczorek.pl\/index.php\/wp-json\/wp\/v2\/users\/1"}],"replies":[{"embeddable":true,"href":"https:\/\/geowieczorek.pl\/index.php\/wp-json\/wp\/v2\/comments?post=2818"}],"version-history":[{"count":1,"href":"https:\/\/geowieczorek.pl\/index.php\/wp-json\/wp\/v2\/posts\/2818\/revisions"}],"predecessor-version":[{"id":2823,"href":"https:\/\/geowieczorek.pl\/index.php\/wp-json\/wp\/v2\/posts\/2818\/revisions\/2823"}],"wp:attachment":[{"href":"https:\/\/geowieczorek.pl\/index.php\/wp-json\/wp\/v2\/media?parent=2818"}],"wp:term":[{"taxonomy":"category","embeddable":true,"href":"https:\/\/geowieczorek.pl\/index.php\/wp-json\/wp\/v2\/categories?post=2818"},{"taxonomy":"post_tag","embeddable":true,"href":"https:\/\/geowieczorek.pl\/index.php\/wp-json\/wp\/v2\/tags?post=2818"}],"curies":[{"name":"wp","href":"https:\/\/api.w.org\/{rel}","templated":true}]}}