{"id":718,"date":"2024-08-20T22:14:11","date_gmt":"2024-08-20T20:14:11","guid":{"rendered":"https:\/\/geowieczorek.pl\/?p=718"},"modified":"2024-08-20T22:14:11","modified_gmt":"2024-08-20T20:14:11","slug":"losy-polskich-ziemian-rodzina-grabkowskich-z-kamiennej-k-wislicy","status":"publish","type":"post","link":"https:\/\/geowieczorek.pl\/index.php\/2024\/08\/20\/losy-polskich-ziemian-rodzina-grabkowskich-z-kamiennej-k-wislicy\/","title":{"rendered":"Losy polskich ziemian &#8211; Rodzina Grabkowskich z Kamiennej k\/Wi\u015blicy"},"content":{"rendered":"<h2><img loading=\"lazy\" decoding=\"async\" class=\"size-large wp-image-45 aligncenter\" src=\"https:\/\/geowieczorek.pl\/wp-content\/uploads\/2024\/04\/1-2-1024x768.jpg\" alt=\"\" width=\"640\" height=\"480\" srcset=\"https:\/\/geowieczorek.pl\/wp-content\/uploads\/2024\/04\/1-2-1024x768.jpg 1024w, https:\/\/geowieczorek.pl\/wp-content\/uploads\/2024\/04\/1-2-300x225.jpg 300w, https:\/\/geowieczorek.pl\/wp-content\/uploads\/2024\/04\/1-2-768x576.jpg 768w, https:\/\/geowieczorek.pl\/wp-content\/uploads\/2024\/04\/1-2-1536x1152.jpg 1536w, https:\/\/geowieczorek.pl\/wp-content\/uploads\/2024\/04\/1-2-2048x1536.jpg 2048w\" sizes=\"auto, (max-width: 640px) 100vw, 640px\" \/><\/h2>\n<p style=\"text-align: center;\">[Dworek Grabkowskich w Kamiennej &#8211; stan dzisiejszy &#8211; zdj. J\u00f3zef Wieczorek]<\/p>\n<h2 style=\"text-align: center;\"><strong>Losy polskich ziemian &#8211; Rodzina Grabkowskich z Kamiennej k\/Wi\u015blicy<\/strong><\/h2>\n<p style=\"text-align: center;\"><strong>( zdj\u0119cia ze zbior\u00f3w Andrzeja Schutza z rodziny Grabkowskich, video &#8211; J\u00f3zef Wieczorek &#8211; zapis 12 sierpnia 2024 r.)<\/strong><\/p>\n<p>&nbsp;<\/p>\n<p><img loading=\"lazy\" decoding=\"async\" class=\"size-large wp-image-733 aligncenter\" src=\"https:\/\/geowieczorek.pl\/wp-content\/uploads\/2024\/08\/9-3-1024x671.jpg\" alt=\"\" width=\"640\" height=\"419\" srcset=\"https:\/\/geowieczorek.pl\/wp-content\/uploads\/2024\/08\/9-3-1024x671.jpg 1024w, https:\/\/geowieczorek.pl\/wp-content\/uploads\/2024\/08\/9-3-300x196.jpg 300w, https:\/\/geowieczorek.pl\/wp-content\/uploads\/2024\/08\/9-3-768x503.jpg 768w, https:\/\/geowieczorek.pl\/wp-content\/uploads\/2024\/08\/9-3-1536x1006.jpg 1536w, https:\/\/geowieczorek.pl\/wp-content\/uploads\/2024\/08\/9-3-2048x1341.jpg 2048w\" sizes=\"auto, (max-width: 640px) 100vw, 640px\" \/><\/p>\n<p style=\"text-align: center;\">Dworek Grabkowskich w Kamiennej<\/p>\n<p>&nbsp;<\/p>\n<p><img loading=\"lazy\" decoding=\"async\" class=\"size-large wp-image-720 aligncenter\" src=\"https:\/\/geowieczorek.pl\/wp-content\/uploads\/2024\/08\/8-2-1024x752.jpg\" alt=\"\" width=\"640\" height=\"470\" srcset=\"https:\/\/geowieczorek.pl\/wp-content\/uploads\/2024\/08\/8-2-1024x752.jpg 1024w, https:\/\/geowieczorek.pl\/wp-content\/uploads\/2024\/08\/8-2-300x220.jpg 300w, https:\/\/geowieczorek.pl\/wp-content\/uploads\/2024\/08\/8-2-768x564.jpg 768w, https:\/\/geowieczorek.pl\/wp-content\/uploads\/2024\/08\/8-2-1536x1128.jpg 1536w, https:\/\/geowieczorek.pl\/wp-content\/uploads\/2024\/08\/8-2-2048x1504.jpg 2048w\" sizes=\"auto, (max-width: 640px) 100vw, 640px\" \/><\/p>\n<p style=\"text-align: center;\">Ludwika i Adam Grabkowscy z wizyt\u0105 u rodziny<\/p>\n<p>&nbsp;<\/p>\n<p><img loading=\"lazy\" decoding=\"async\" class=\"size-large wp-image-722 aligncenter\" src=\"https:\/\/geowieczorek.pl\/wp-content\/uploads\/2024\/08\/5-3-1024x683.jpg\" alt=\"\" width=\"640\" height=\"427\" srcset=\"https:\/\/geowieczorek.pl\/wp-content\/uploads\/2024\/08\/5-3-1024x683.jpg 1024w, https:\/\/geowieczorek.pl\/wp-content\/uploads\/2024\/08\/5-3-300x200.jpg 300w, https:\/\/geowieczorek.pl\/wp-content\/uploads\/2024\/08\/5-3-768x512.jpg 768w, https:\/\/geowieczorek.pl\/wp-content\/uploads\/2024\/08\/5-3-1536x1024.jpg 1536w, https:\/\/geowieczorek.pl\/wp-content\/uploads\/2024\/08\/5-3-2048x1366.jpg 2048w\" sizes=\"auto, (max-width: 640px) 100vw, 640px\" \/><\/p>\n<p style=\"text-align: center;\">Ludwika i Adam Grabkowscy rozmawiaj\u0105 z hr. Zamojskim i przyjaci\u00f3\u0142mi<\/p>\n<p>&nbsp;<\/p>\n<p><img loading=\"lazy\" decoding=\"async\" class=\"size-large wp-image-721 aligncenter\" src=\"https:\/\/geowieczorek.pl\/wp-content\/uploads\/2024\/08\/6-4-1024x707.jpg\" alt=\"\" width=\"640\" height=\"442\" srcset=\"https:\/\/geowieczorek.pl\/wp-content\/uploads\/2024\/08\/6-4-1024x707.jpg 1024w, https:\/\/geowieczorek.pl\/wp-content\/uploads\/2024\/08\/6-4-300x207.jpg 300w, https:\/\/geowieczorek.pl\/wp-content\/uploads\/2024\/08\/6-4-768x530.jpg 768w, https:\/\/geowieczorek.pl\/wp-content\/uploads\/2024\/08\/6-4-1536x1060.jpg 1536w, https:\/\/geowieczorek.pl\/wp-content\/uploads\/2024\/08\/6-4-2048x1413.jpg 2048w\" sizes=\"auto, (max-width: 640px) 100vw, 640px\" \/><\/p>\n<p style=\"text-align: center;\">Ludwika i Adam Grabkowscy z wizyt\u0105 u przyjaci\u00f3\u0142<\/p>\n<p>&nbsp;<\/p>\n<p><img loading=\"lazy\" decoding=\"async\" class=\"size-large wp-image-723 aligncenter\" src=\"https:\/\/geowieczorek.pl\/wp-content\/uploads\/2024\/08\/11-1-1024x750.jpg\" alt=\"\" width=\"640\" height=\"469\" srcset=\"https:\/\/geowieczorek.pl\/wp-content\/uploads\/2024\/08\/11-1-1024x750.jpg 1024w, https:\/\/geowieczorek.pl\/wp-content\/uploads\/2024\/08\/11-1-300x220.jpg 300w, https:\/\/geowieczorek.pl\/wp-content\/uploads\/2024\/08\/11-1-768x563.jpg 768w, https:\/\/geowieczorek.pl\/wp-content\/uploads\/2024\/08\/11-1-1536x1125.jpg 1536w, https:\/\/geowieczorek.pl\/wp-content\/uploads\/2024\/08\/11-1-2048x1500.jpg 2048w\" sizes=\"auto, (max-width: 640px) 100vw, 640px\" \/><\/p>\n<p style=\"text-align: center;\">Adam Grabkowski ze swoim Fordem<\/p>\n<p>&nbsp;<\/p>\n<p>&nbsp;<\/p>\n<p><img loading=\"lazy\" decoding=\"async\" class=\"size-large wp-image-730 aligncenter\" src=\"https:\/\/geowieczorek.pl\/wp-content\/uploads\/2024\/08\/Mehoffer-809x1024.jpg\" alt=\"\" width=\"640\" height=\"810\" srcset=\"https:\/\/geowieczorek.pl\/wp-content\/uploads\/2024\/08\/Mehoffer-809x1024.jpg 809w, https:\/\/geowieczorek.pl\/wp-content\/uploads\/2024\/08\/Mehoffer-237x300.jpg 237w, https:\/\/geowieczorek.pl\/wp-content\/uploads\/2024\/08\/Mehoffer-768x972.jpg 768w, https:\/\/geowieczorek.pl\/wp-content\/uploads\/2024\/08\/Mehoffer-1213x1536.jpg 1213w, https:\/\/geowieczorek.pl\/wp-content\/uploads\/2024\/08\/Mehoffer-1617x2048.jpg 1617w, https:\/\/geowieczorek.pl\/wp-content\/uploads\/2024\/08\/Mehoffer-scaled.jpg 2022w\" sizes=\"auto, (max-width: 640px) 100vw, 640px\" \/><\/p>\n<p style=\"text-align: center;\">Ludwika Grabkowska na obrazie J\u00f3zefa Mehoffera<\/p>\n<p>&nbsp;<\/p>\n<p><img loading=\"lazy\" decoding=\"async\" class=\"size-large wp-image-724 aligncenter\" src=\"https:\/\/geowieczorek.pl\/wp-content\/uploads\/2024\/08\/12-807x1024.jpg\" alt=\"\" width=\"640\" height=\"812\" srcset=\"https:\/\/geowieczorek.pl\/wp-content\/uploads\/2024\/08\/12-807x1024.jpg 807w, https:\/\/geowieczorek.pl\/wp-content\/uploads\/2024\/08\/12-237x300.jpg 237w, https:\/\/geowieczorek.pl\/wp-content\/uploads\/2024\/08\/12-768x974.jpg 768w, https:\/\/geowieczorek.pl\/wp-content\/uploads\/2024\/08\/12-1211x1536.jpg 1211w, https:\/\/geowieczorek.pl\/wp-content\/uploads\/2024\/08\/12-1615x2048.jpg 1615w, https:\/\/geowieczorek.pl\/wp-content\/uploads\/2024\/08\/12.jpg 1633w\" sizes=\"auto, (max-width: 640px) 100vw, 640px\" \/><\/p>\n<p style=\"text-align: center;\">Adam Grabkowski w rozmowie z ks. Julianem Gawinkiem<\/p>\n<p>&nbsp;<\/p>\n<p><img loading=\"lazy\" decoding=\"async\" class=\"size-large wp-image-725 aligncenter\" src=\"https:\/\/geowieczorek.pl\/wp-content\/uploads\/2024\/08\/10-2-1024x764.jpg\" alt=\"\" width=\"640\" height=\"478\" srcset=\"https:\/\/geowieczorek.pl\/wp-content\/uploads\/2024\/08\/10-2-1024x764.jpg 1024w, https:\/\/geowieczorek.pl\/wp-content\/uploads\/2024\/08\/10-2-300x224.jpg 300w, https:\/\/geowieczorek.pl\/wp-content\/uploads\/2024\/08\/10-2-768x573.jpg 768w, https:\/\/geowieczorek.pl\/wp-content\/uploads\/2024\/08\/10-2-1536x1145.jpg 1536w, https:\/\/geowieczorek.pl\/wp-content\/uploads\/2024\/08\/10-2-2048x1527.jpg 2048w\" sizes=\"auto, (max-width: 640px) 100vw, 640px\" \/><\/p>\n<p style=\"text-align: center;\">Kaplica w dworku w Kamiennej<\/p>\n<p>&nbsp;<\/p>\n<p>&nbsp;<\/p>\n<p><img loading=\"lazy\" decoding=\"async\" class=\"size-large wp-image-726 aligncenter\" src=\"https:\/\/geowieczorek.pl\/wp-content\/uploads\/2024\/08\/4-3-659x1024.jpg\" alt=\"\" width=\"640\" height=\"994\" srcset=\"https:\/\/geowieczorek.pl\/wp-content\/uploads\/2024\/08\/4-3-659x1024.jpg 659w, https:\/\/geowieczorek.pl\/wp-content\/uploads\/2024\/08\/4-3-193x300.jpg 193w, https:\/\/geowieczorek.pl\/wp-content\/uploads\/2024\/08\/4-3-768x1193.jpg 768w, https:\/\/geowieczorek.pl\/wp-content\/uploads\/2024\/08\/4-3-989x1536.jpg 989w, https:\/\/geowieczorek.pl\/wp-content\/uploads\/2024\/08\/4-3-1318x2048.jpg 1318w, https:\/\/geowieczorek.pl\/wp-content\/uploads\/2024\/08\/4-3-scaled.jpg 1648w\" sizes=\"auto, (max-width: 640px) 100vw, 640px\" \/><\/p>\n<p>&nbsp;<\/p>\n<p style=\"text-align: center;\">Ludwik Hirschfeld ukrywaj\u0105cy si\u0119 w maj\u0105tku Grabkowskich w Kamiennej podczas okupacji niemieckiej<\/p>\n<p>&nbsp;<\/p>\n<p style=\"text-align: center;\"><strong>xxxxx<\/strong><\/p>\n<p style=\"text-align: center;\"><strong>Z wizyty u Andrzeja Schuza z rodziny Grabkowskich\u00a0 &#8211; Wroc\u0142aw (Ligota Pi\u0119kna) 12 sierpnia 2024 r.<\/strong><\/p>\n<p>&nbsp;<\/p>\n<p><img loading=\"lazy\" decoding=\"async\" class=\"size-large wp-image-727 aligncenter\" src=\"https:\/\/geowieczorek.pl\/wp-content\/uploads\/2024\/08\/3-3-1024x748.jpg\" alt=\"\" width=\"640\" height=\"468\" srcset=\"https:\/\/geowieczorek.pl\/wp-content\/uploads\/2024\/08\/3-3-1024x748.jpg 1024w, https:\/\/geowieczorek.pl\/wp-content\/uploads\/2024\/08\/3-3-300x219.jpg 300w, https:\/\/geowieczorek.pl\/wp-content\/uploads\/2024\/08\/3-3-768x561.jpg 768w, https:\/\/geowieczorek.pl\/wp-content\/uploads\/2024\/08\/3-3-1536x1123.jpg 1536w, https:\/\/geowieczorek.pl\/wp-content\/uploads\/2024\/08\/3-3-2048x1497.jpg 2048w\" sizes=\"auto, (max-width: 640px) 100vw, 640px\" \/><\/p>\n<p style=\"text-align: center;\">Andrzej Schutz w rozmowie z Jerzym Basiag\u0105<\/p>\n<p>&nbsp;<\/p>\n<p><img loading=\"lazy\" decoding=\"async\" class=\"size-large wp-image-731 aligncenter\" src=\"https:\/\/geowieczorek.pl\/wp-content\/uploads\/2024\/08\/13-770x1024.jpg\" alt=\"\" width=\"640\" height=\"851\" srcset=\"https:\/\/geowieczorek.pl\/wp-content\/uploads\/2024\/08\/13-770x1024.jpg 770w, https:\/\/geowieczorek.pl\/wp-content\/uploads\/2024\/08\/13-226x300.jpg 226w, https:\/\/geowieczorek.pl\/wp-content\/uploads\/2024\/08\/13-768x1021.jpg 768w, https:\/\/geowieczorek.pl\/wp-content\/uploads\/2024\/08\/13-1155x1536.jpg 1155w, https:\/\/geowieczorek.pl\/wp-content\/uploads\/2024\/08\/13-1541x2048.jpg 1541w, https:\/\/geowieczorek.pl\/wp-content\/uploads\/2024\/08\/13-scaled.jpg 1926w\" sizes=\"auto, (max-width: 640px) 100vw, 640px\" \/><\/p>\n<p>&nbsp;<\/p>\n<p style=\"text-align: center;\">Obraz ks. W\u0142adys\u0142awa Gurgacza\u00a0 namalowany w dworku Grabkowskich, w kt\u00f3rym ksi\u0105dz si\u0119 ukrywa\u0142\u00a0 podczas okupacji niemieckiej,<\/p>\n<p>&nbsp;<\/p>\n<p><iframe loading=\"lazy\" title=\"Losy polskich ziemian - Grabkowscy\" width=\"640\" height=\"360\" src=\"https:\/\/www.youtube.com\/embed\/XiwAFKc7Rkg?feature=oembed\" frameborder=\"0\" allow=\"accelerometer; autoplay; clipboard-write; encrypted-media; gyroscope; picture-in-picture; web-share\" referrerpolicy=\"strict-origin-when-cross-origin\" allowfullscreen><\/iframe><\/p>\n<p>&nbsp;<\/p>\n<p style=\"text-align: center;\">xxxxxxxxxxxxxxxxxxxxxxxxxxx<\/p>\n<p style=\"text-align: center;\"><strong><a href=\"https:\/\/geowieczorek.pl\/index.php\/2024\/04\/08\/kamienna-dwor-grabkowskich\/\">Kamienna \u2013 Dw\u00f3r Grabkowskich w czasach okupacji i komuny wspomina Stanis\u0142awa K\u0142os \u2013 Foto Pro Bono (geowieczorek.pl)<\/a><\/strong><\/p>\n","protected":false},"excerpt":{"rendered":"<p>[Dworek Grabkowskich w Kamiennej &#8211; stan dzisiejszy &#8211; zdj. J\u00f3zef Wieczorek] Losy polskich ziemian &#8211; Rodzina Grabkowskich z Kamiennej k\/Wi\u015blicy ( zdj\u0119cia ze zbior\u00f3w Andrzeja [&hellip;]<\/p>\n","protected":false},"author":1,"featured_media":0,"comment_status":"open","ping_status":"open","sticky":false,"template":"","format":"standard","meta":{"footnotes":""},"categories":[31,53,12],"tags":[14,15,13,17,20,134,19,135],"class_list":["post-718","post","type-post","status-publish","format-standard","hentry","category-historia","category-pamiec","category-wywiady","tag-dworek","tag-grabkowscy","tag-kamienna","tag-komunizm","tag-ks-wladyslaw-gurgacz","tag-losy-ziemian","tag-ludwik-hirschfeld","tag-okupacja-niemiecka"],"_links":{"self":[{"href":"https:\/\/geowieczorek.pl\/index.php\/wp-json\/wp\/v2\/posts\/718","targetHints":{"allow":["GET"]}}],"collection":[{"href":"https:\/\/geowieczorek.pl\/index.php\/wp-json\/wp\/v2\/posts"}],"about":[{"href":"https:\/\/geowieczorek.pl\/index.php\/wp-json\/wp\/v2\/types\/post"}],"author":[{"embeddable":true,"href":"https:\/\/geowieczorek.pl\/index.php\/wp-json\/wp\/v2\/users\/1"}],"replies":[{"embeddable":true,"href":"https:\/\/geowieczorek.pl\/index.php\/wp-json\/wp\/v2\/comments?post=718"}],"version-history":[{"count":5,"href":"https:\/\/geowieczorek.pl\/index.php\/wp-json\/wp\/v2\/posts\/718\/revisions"}],"predecessor-version":[{"id":739,"href":"https:\/\/geowieczorek.pl\/index.php\/wp-json\/wp\/v2\/posts\/718\/revisions\/739"}],"wp:attachment":[{"href":"https:\/\/geowieczorek.pl\/index.php\/wp-json\/wp\/v2\/media?parent=718"}],"wp:term":[{"taxonomy":"category","embeddable":true,"href":"https:\/\/geowieczorek.pl\/index.php\/wp-json\/wp\/v2\/categories?post=718"},{"taxonomy":"post_tag","embeddable":true,"href":"https:\/\/geowieczorek.pl\/index.php\/wp-json\/wp\/v2\/tags?post=718"}],"curies":[{"name":"wp","href":"https:\/\/api.w.org\/{rel}","templated":true}]}}