{"id":990,"date":"2024-10-07T18:34:52","date_gmt":"2024-10-07T16:34:52","guid":{"rendered":"https:\/\/geowieczorek.pl\/?p=990"},"modified":"2024-10-07T18:36:14","modified_gmt":"2024-10-07T16:36:14","slug":"tajemnice-placu-inwalidow-w-krakowie","status":"publish","type":"post","link":"https:\/\/geowieczorek.pl\/index.php\/2024\/10\/07\/tajemnice-placu-inwalidow-w-krakowie\/","title":{"rendered":"Tajemnice Placu Inwalid\u00f3w w Krakowie"},"content":{"rendered":"<p><img loading=\"lazy\" decoding=\"async\" class=\"alignnone size-large wp-image-991\" src=\"https:\/\/geowieczorek.pl\/wp-content\/uploads\/2024\/10\/1-1-995x1024.jpg\" alt=\"\" width=\"640\" height=\"659\" srcset=\"https:\/\/geowieczorek.pl\/wp-content\/uploads\/2024\/10\/1-1-995x1024.jpg 995w, https:\/\/geowieczorek.pl\/wp-content\/uploads\/2024\/10\/1-1-292x300.jpg 292w, https:\/\/geowieczorek.pl\/wp-content\/uploads\/2024\/10\/1-1-768x790.jpg 768w, https:\/\/geowieczorek.pl\/wp-content\/uploads\/2024\/10\/1-1-1493x1536.jpg 1493w, https:\/\/geowieczorek.pl\/wp-content\/uploads\/2024\/10\/1-1-1991x2048.jpg 1991w\" sizes=\"auto, (max-width: 640px) 100vw, 640px\" \/><\/p>\n<p>&nbsp;<\/p>\n<p style=\"text-align: center;\"><strong>Tajemnice Placu Inwalid\u00f3w w Krakowie<\/strong><\/p>\n<p style=\"text-align: center;\">z okresu instalacji systemu komunistycznego<\/p>\n<p style=\"text-align: center;\">na\u015bwietlaj\u0105 Janina Zi\u0119tek i Jerzy Zi\u0119tek<\/p>\n<p style=\"text-align: center;\">Krak\u00f3w, 7 pa\u017adziernika 2024 r.<\/p>\n<p style=\"text-align: center;\">[dokumentacja: zdj. i wideo &#8211; J\u00f3zef Wieczorek]<\/p>\n<p><img loading=\"lazy\" decoding=\"async\" class=\"alignnone size-large wp-image-992\" src=\"https:\/\/geowieczorek.pl\/wp-content\/uploads\/2024\/10\/2-1-894x1024.jpg\" alt=\"\" width=\"640\" height=\"733\" srcset=\"https:\/\/geowieczorek.pl\/wp-content\/uploads\/2024\/10\/2-1-894x1024.jpg 894w, https:\/\/geowieczorek.pl\/wp-content\/uploads\/2024\/10\/2-1-262x300.jpg 262w, https:\/\/geowieczorek.pl\/wp-content\/uploads\/2024\/10\/2-1-768x880.jpg 768w, https:\/\/geowieczorek.pl\/wp-content\/uploads\/2024\/10\/2-1-1341x1536.jpg 1341w, https:\/\/geowieczorek.pl\/wp-content\/uploads\/2024\/10\/2-1-1788x2048.jpg 1788w\" sizes=\"auto, (max-width: 640px) 100vw, 640px\" \/><\/p>\n<p><img loading=\"lazy\" decoding=\"async\" class=\"alignnone size-large wp-image-993\" src=\"https:\/\/geowieczorek.pl\/wp-content\/uploads\/2024\/10\/3-1-1024x1024.jpg\" alt=\"\" width=\"640\" height=\"640\" srcset=\"https:\/\/geowieczorek.pl\/wp-content\/uploads\/2024\/10\/3-1-1024x1024.jpg 1024w, https:\/\/geowieczorek.pl\/wp-content\/uploads\/2024\/10\/3-1-300x300.jpg 300w, https:\/\/geowieczorek.pl\/wp-content\/uploads\/2024\/10\/3-1-150x150.jpg 150w, https:\/\/geowieczorek.pl\/wp-content\/uploads\/2024\/10\/3-1-768x768.jpg 768w, https:\/\/geowieczorek.pl\/wp-content\/uploads\/2024\/10\/3-1-1536x1536.jpg 1536w, https:\/\/geowieczorek.pl\/wp-content\/uploads\/2024\/10\/3-1-2048x2048.jpg 2048w\" sizes=\"auto, (max-width: 640px) 100vw, 640px\" \/><\/p>\n<p><iframe loading=\"lazy\" title=\"Tajemnice Placu Inwalid\u00f3w w Krakowie\" width=\"640\" height=\"360\" src=\"https:\/\/www.youtube.com\/embed\/2hcaa-jz_Ng?feature=oembed\" frameborder=\"0\" allow=\"accelerometer; autoplay; clipboard-write; encrypted-media; gyroscope; picture-in-picture; web-share\" referrerpolicy=\"strict-origin-when-cross-origin\" allowfullscreen><\/iframe><\/p>\n<p>&nbsp;<\/p>\n<p>&nbsp;<\/p>\n<p>&nbsp;<\/p>\n","protected":false},"excerpt":{"rendered":"<p>&nbsp; Tajemnice Placu Inwalid\u00f3w w Krakowie z okresu instalacji systemu komunistycznego na\u015bwietlaj\u0105 Janina Zi\u0119tek i Jerzy Zi\u0119tek Krak\u00f3w, 7 pa\u017adziernika 2024 r. [dokumentacja: zdj. i [&hellip;]<\/p>\n","protected":false},"author":1,"featured_media":0,"comment_status":"open","ping_status":"open","sticky":false,"template":"","format":"standard","meta":{"footnotes":""},"categories":[31,23,53,196],"tags":[198,201,197,200,202],"class_list":["post-990","post","type-post","status-publish","format-standard","hentry","category-historia","category-krakow","category-pamiec","category-wypowiedzi","tag-historia","tag-katownia","tag-plac-inwalidow","tag-ub","tag-zbrodnie-komunistyczne"],"_links":{"self":[{"href":"https:\/\/geowieczorek.pl\/index.php\/wp-json\/wp\/v2\/posts\/990","targetHints":{"allow":["GET"]}}],"collection":[{"href":"https:\/\/geowieczorek.pl\/index.php\/wp-json\/wp\/v2\/posts"}],"about":[{"href":"https:\/\/geowieczorek.pl\/index.php\/wp-json\/wp\/v2\/types\/post"}],"author":[{"embeddable":true,"href":"https:\/\/geowieczorek.pl\/index.php\/wp-json\/wp\/v2\/users\/1"}],"replies":[{"embeddable":true,"href":"https:\/\/geowieczorek.pl\/index.php\/wp-json\/wp\/v2\/comments?post=990"}],"version-history":[{"count":1,"href":"https:\/\/geowieczorek.pl\/index.php\/wp-json\/wp\/v2\/posts\/990\/revisions"}],"predecessor-version":[{"id":994,"href":"https:\/\/geowieczorek.pl\/index.php\/wp-json\/wp\/v2\/posts\/990\/revisions\/994"}],"wp:attachment":[{"href":"https:\/\/geowieczorek.pl\/index.php\/wp-json\/wp\/v2\/media?parent=990"}],"wp:term":[{"taxonomy":"category","embeddable":true,"href":"https:\/\/geowieczorek.pl\/index.php\/wp-json\/wp\/v2\/categories?post=990"},{"taxonomy":"post_tag","embeddable":true,"href":"https:\/\/geowieczorek.pl\/index.php\/wp-json\/wp\/v2\/tags?post=990"}],"curies":[{"name":"wp","href":"https:\/\/api.w.org\/{rel}","templated":true}]}}